{"id":10063,"date":"2026-09-01T11:23:39","date_gmt":"2026-09-01T09:23:39","guid":{"rendered":"https:\/\/tigges.legal\/dr-kaya-koeklue-po-raz-kolejny-znalazla-sie-na-liscie-iam-strategy-300-global-leaders\/"},"modified":"2026-09-01T11:36:48","modified_gmt":"2026-09-01T09:36:48","slug":"dr-kaya-koeklue-po-raz-kolejny-znalazla-sie-na-liscie-iam-strategy-300-global-leaders","status":"publish","type":"post","link":"https:\/\/tigges.legal\/pl\/dr-kaya-koeklue-po-raz-kolejny-znalazla-sie-na-liscie-iam-strategy-300-global-leaders\/","title":{"rendered":"Dr Kaya K\u00f6kl\u00fc po raz kolejny znalaz\u0142a si\u0119 na li\u015bcie IAM Strategy 300 Global Leaders"},"content":{"rendered":"\n<p class=\"wp-block-paragraph\">Z wielk\u0105 rado\u015bci\u0105 informujemy, \u017ce nasz kolega<a href=\"https:\/\/tigges.legal\/pl\/zespol\/dr-kaya-koeklue\/\" data-type=\"team-mitglied\" data-id=\"1455\">, dr Kaya K\u00f6kl\u00fc<\/a>, po raz kolejny znalaz\u0142 si\u0119 w 2026 r. na li\u015bcie <strong>\u201eIAM Strategy 300 Global Leaders\u201d<\/strong> \u2013 jednym z najbardziej presti\u017cowych \u015bwiatowych ranking\u00f3w specjalist\u00f3w w dziedzinie w\u0142asno\u015bci intelektualnej.<\/p>\n\n\n\n<p class=\"wp-block-paragraph\">Wyr\u00f3\u017cnienie to przyznawane jest osobom, kt\u00f3re wyr\u00f3\u017cniaj\u0105 si\u0119 strategicznymi umiej\u0119tno\u015bciami przyw\u00f3dczymi, kompetencjami fachowymi oraz wp\u0142ywem w dziedzinie w\u0142asno\u015bci intelektualnej. W edycji z 2026 r. dr K\u00f6kl\u00fc zosta\u0142 wymieniony w kategoriach prawa, licencjonowania i transferu technologii, co odzwierciedla jego nieustanne zaanga\u017cowanie w zapewnianie najwy\u017cszej jako\u015bci doradztwa i innowacyjnych rozwi\u0105za\u0144 w tych dziedzinach. <\/p>\n\n\n\n<p class=\"wp-block-paragraph\">Otrzymanie tego wyr\u00f3\u017cnienia po raz drugi z rz\u0119du to niezwyk\u0142e osi\u0105gni\u0119cie i dow\u00f3d jego zaanga\u017cowania oraz kompetencji zawodowych.<\/p>\n\n\n\n<p class=\"wp-block-paragraph\">Gratulujemy dr Kayi K\u00f6kl\u00fc tego zas\u0142u\u017conego wyr\u00f3\u017cnienia.<\/p>\n\n\n\n<p class=\"wp-block-paragraph\"><\/p>\n","protected":false},"excerpt":{"rendered":"<p>Z wielk\u0105 rado\u015bci\u0105 informujemy, \u017ce nasz kolega, dr Kaya K\u00f6kl\u00fc, po raz kolejny znalaz\u0142 si\u0119 w 2026 r. na li\u015bcie \u201eIAM Strategy 300 Global Leaders\u201d \u2013 jednym z najbardziej presti\u017cowych \u015bwiatowych ranking\u00f3w specjalist\u00f3w w dziedzinie w\u0142asno\u015bci intelektualnej. Wyr\u00f3\u017cnienie to przyznawane jest osobom, kt\u00f3re wyr\u00f3\u017cniaj\u0105 si\u0119 strategicznymi umiej\u0119tno\u015bciami przyw\u00f3dczymi, kompetencjami fachowymi oraz wp\u0142ywem w dziedzinie w\u0142asno\u015bci [&hellip;]<\/p>\n","protected":false},"author":9,"featured_media":10062,"comment_status":"closed","ping_status":"open","sticky":false,"template":"","format":"standard","meta":{"_acf_changed":false,"footnotes":""},"categories":[196,74,326,197],"tags":[],"class_list":["post-10063","post","type-post","status-publish","format-standard","has-post-thumbnail","hentry","category-aktualnosci","category-bez-kategorii","category-ip","category-wiadomosci"],"acf":[],"_links":{"self":[{"href":"https:\/\/tigges.legal\/pl\/wp-json\/wp\/v2\/posts\/10063","targetHints":{"allow":["GET"]}}],"collection":[{"href":"https:\/\/tigges.legal\/pl\/wp-json\/wp\/v2\/posts"}],"about":[{"href":"https:\/\/tigges.legal\/pl\/wp-json\/wp\/v2\/types\/post"}],"author":[{"embeddable":true,"href":"https:\/\/tigges.legal\/pl\/wp-json\/wp\/v2\/users\/9"}],"replies":[{"embeddable":true,"href":"https:\/\/tigges.legal\/pl\/wp-json\/wp\/v2\/comments?post=10063"}],"version-history":[{"count":2,"href":"https:\/\/tigges.legal\/pl\/wp-json\/wp\/v2\/posts\/10063\/revisions"}],"predecessor-version":[{"id":10065,"href":"https:\/\/tigges.legal\/pl\/wp-json\/wp\/v2\/posts\/10063\/revisions\/10065"}],"wp:featuredmedia":[{"embeddable":true,"href":"https:\/\/tigges.legal\/pl\/wp-json\/wp\/v2\/media\/10062"}],"wp:attachment":[{"href":"https:\/\/tigges.legal\/pl\/wp-json\/wp\/v2\/media?parent=10063"}],"wp:term":[{"taxonomy":"category","embeddable":true,"href":"https:\/\/tigges.legal\/pl\/wp-json\/wp\/v2\/categories?post=10063"},{"taxonomy":"post_tag","embeddable":true,"href":"https:\/\/tigges.legal\/pl\/wp-json\/wp\/v2\/tags?post=10063"}],"curies":[{"name":"wp","href":"https:\/\/api.w.org\/{rel}","templated":true}]}}