{"id":9262,"date":"2026-04-27T12:35:10","date_gmt":"2026-04-27T10:35:10","guid":{"rendered":"https:\/\/tigges.legal\/tigges-na-europejskim-kongresie-gospodarczym-w-katowicach-impuls-do-polsko-niemieckiej-wspolpracy\/"},"modified":"2026-04-28T10:27:37","modified_gmt":"2026-04-28T08:27:37","slug":"tigges-na-europejskim-kongresie-gospodarczym-w-katowicach-impuls-do-polsko-niemieckiej-wspolpracy","status":"publish","type":"post","link":"https:\/\/tigges.legal\/pl\/tigges-na-europejskim-kongresie-gospodarczym-w-katowicach-impuls-do-polsko-niemieckiej-wspolpracy\/","title":{"rendered":"TIGGES na Europejskim Kongresie Gospodarczym w Katowicach: Impuls do polsko-niemieckiej wsp\u00f3\u0142pracy"},"content":{"rendered":"\t\t<div data-elementor-type=\"wp-post\" data-elementor-id=\"9262\" class=\"elementor elementor-9262 elementor-9234\" data-elementor-post-type=\"post\">\n\t\t\t\t<div class=\"elementor-element elementor-element-1a73859b e-flex e-con-boxed e-con e-parent\" data-id=\"1a73859b\" data-element_type=\"container\" data-e-type=\"container\">\n\t\t\t\t\t<div class=\"e-con-inner\">\n\t\t\t\t<div class=\"elementor-element elementor-element-52ba9933 elementor-widget elementor-widget-text-editor\" data-id=\"52ba9933\" data-element_type=\"widget\" data-e-type=\"widget\" data-widget_type=\"text-editor.default\">\n\t\t\t\t\t\t\t\t\t\n<p>W ubieg\u0142ym tygodniu w Katowicach odby\u0142 si\u0119 Europejski Kongres Gospodarczy (European Economic Congress &#8211; EEC), w kt\u00f3rym wzi\u0119\u0142o udzia\u0142 ponad 20.000 uczestnik\u00f3w i 1.300 prelegent\u00f3w. Nasza kancelaria by\u0142a oficjalnym partnerem niemieckiego salonu AHK Polska na tym wydarzeniu. Nasz zesp\u00f3\u0142, w sk\u0142adzie <a href=\"https:\/\/tigges.legal\/pl\/zespol\/dr-dominik-wagner-ll-m-emba\/\">dr Dominik Wagner<\/a>, Tomasz Baron, Kamil Twardowski i Dawid Marusczyk, prze\u017cy\u0142 trzy intensywne dni pe\u0142ne wymiany do\u015bwiadcze\u0144 i innowacji. <\/p>\n\n<p>W centrum uwagi znalaz\u0142y si\u0119 synergie mi\u0119dzy Niemcami a Polsk\u0105. Panel &#8222;Zjednoczeni w odporno\u015bci&#8221; w szczeg\u00f3lno\u015bci podkre\u015bli\u0142, jak wa\u017cne jest to partnerstwo dla pozycji gospodarczej Europy. Cennych praktycznych impuls\u00f3w dostarczy\u0142y dyskusje ekspert\u00f3w na temat zdrowia i obronno\u015bci, kt\u00f3re pokaza\u0142y, \u017ce polsko-niemiecka wsp\u00f3\u0142praca jest kluczowym motorem nap\u0119dowym w kluczowych dziedzinach przysz\u0142o\u015bci: Wsp\u00f3\u0142praca polsko-niemiecka jest kluczow\u0105 si\u0142\u0105 nap\u0119dow\u0105 w kluczowych dziedzinach przysz\u0142o\u015bci.  <\/p>\n\n<p>Opr\u00f3cz profesjonalnych atrakcji, takich jak &#8222;Wiecz\u00f3r Niemiecki&#8221;, kongres zaoferowa\u0142 przestrze\u0144 do wielu osobistych dyskusji i nowych kontakt\u00f3w. Mamy pozytywny bilans: dni w Katowicach charakteryzowa\u0142y si\u0119 nowymi perspektywami i silnymi punktami kontaktowymi. <\/p>\n\n<p>Serdeczne podzi\u0119kowania dla AHK Polska za doskona\u0142\u0105 organizacj\u0119 tej imponuj\u0105cej prezentacji!<\/p>\n\t\t\t\t\t\t\t\t<\/div>\n\t\t\t\t\t<\/div>\n\t\t\t\t<\/div>\n\t\t\t\t<\/div>\n\t\t","protected":false},"excerpt":{"rendered":"<p>W ubieg\u0142ym tygodniu w Katowicach odby\u0142 si\u0119 Europejski Kongres Gospodarczy (European Economic Congress &#8211; EEC), najwi\u0119ksze jak dot\u0105d wydarzenie tego typu, w kt\u00f3rym wzi\u0119\u0142o udzia\u0142 ponad 20 000 uczestnik\u00f3w i 1300 prelegent\u00f3w.<\/p>\n","protected":false},"author":9,"featured_media":9261,"comment_status":"closed","ping_status":"open","sticky":false,"template":"","format":"standard","meta":{"_acf_changed":false,"footnotes":""},"categories":[74],"tags":[],"class_list":["post-9262","post","type-post","status-publish","format-standard","has-post-thumbnail","hentry","category-bez-kategorii"],"acf":[],"_links":{"self":[{"href":"https:\/\/tigges.legal\/pl\/wp-json\/wp\/v2\/posts\/9262","targetHints":{"allow":["GET"]}}],"collection":[{"href":"https:\/\/tigges.legal\/pl\/wp-json\/wp\/v2\/posts"}],"about":[{"href":"https:\/\/tigges.legal\/pl\/wp-json\/wp\/v2\/types\/post"}],"author":[{"embeddable":true,"href":"https:\/\/tigges.legal\/pl\/wp-json\/wp\/v2\/users\/9"}],"replies":[{"embeddable":true,"href":"https:\/\/tigges.legal\/pl\/wp-json\/wp\/v2\/comments?post=9262"}],"version-history":[{"count":3,"href":"https:\/\/tigges.legal\/pl\/wp-json\/wp\/v2\/posts\/9262\/revisions"}],"predecessor-version":[{"id":9266,"href":"https:\/\/tigges.legal\/pl\/wp-json\/wp\/v2\/posts\/9262\/revisions\/9266"}],"wp:featuredmedia":[{"embeddable":true,"href":"https:\/\/tigges.legal\/pl\/wp-json\/wp\/v2\/media\/9261"}],"wp:attachment":[{"href":"https:\/\/tigges.legal\/pl\/wp-json\/wp\/v2\/media?parent=9262"}],"wp:term":[{"taxonomy":"category","embeddable":true,"href":"https:\/\/tigges.legal\/pl\/wp-json\/wp\/v2\/categories?post=9262"},{"taxonomy":"post_tag","embeddable":true,"href":"https:\/\/tigges.legal\/pl\/wp-json\/wp\/v2\/tags?post=9262"}],"curies":[{"name":"wp","href":"https:\/\/api.w.org\/{rel}","templated":true}]}}